{"id":199,"date":"2019-02-01T17:25:22","date_gmt":"2019-02-01T17:25:22","guid":{"rendered":"http:\/\/croelite.ffzg.unizg.hr\/?p=199"},"modified":"2019-02-15T22:29:22","modified_gmt":"2019-02-15T22:29:22","slug":"javna-predavanja-clanova-projekta","status":"publish","type":"post","link":"https:\/\/croelite.ffzg.unizg.hr\/?p=199","title":{"rendered":"Javna predavanja \u010dlanova projekta"},"content":{"rendered":"<p>&nbsp;<\/p>\n<p><strong>Iskra Ivelji\u0107<\/strong> odr\u017eala je u ponedjeljak, 28. sije\u010dnja 2019. godine javno predavanje\u00a0o plemstvu Hrvatske\u00a0i Slavonije u 19.\u00a0i 20. stolje\u0107u koje je izravno\u00a0povezano\u00a0sa\u00a0njezinom istra\u017eiva\u010dkom dionicom na\u00a0projektu o tranziciji hrvatskih elita.<\/p>\n<p>&nbsp;<\/p>\n<p>U nastavku donosimo pozivnicu\u00a0i opis predavanja:<\/p>\n<p>&nbsp;<\/p>\n<p>Hrvatski plemi\u0107ki zbor<\/p>\n<p>&nbsp;<\/p>\n<p><img loading=\"lazy\" class=\"alignnone size-medium wp-image-215\" src=\"http:\/\/croelite.ffzg.unizg.hr\/wp-content\/uploads\/2019\/02\/plemicki-zbor-300x84.jpg\" alt=\"\" width=\"300\" height=\"84\" srcset=\"https:\/\/croelite.ffzg.unizg.hr\/wp-content\/uploads\/2019\/02\/plemicki-zbor-300x84.jpg 300w, https:\/\/croelite.ffzg.unizg.hr\/wp-content\/uploads\/2019\/02\/plemicki-zbor-768x216.jpg 768w, https:\/\/croelite.ffzg.unizg.hr\/wp-content\/uploads\/2019\/02\/plemicki-zbor-1024x288.jpg 1024w, https:\/\/croelite.ffzg.unizg.hr\/wp-content\/uploads\/2019\/02\/plemicki-zbor.jpg 1920w\" sizes=\"(max-width: 300px) 100vw, 300px\" \/><\/p>\n<p>&nbsp;<\/p>\n<p>Pozivamo Vas da do\u0111ete na dru\u017eenje i otvoreno predavanje:<\/p>\n<div class=\"obavijest\">\n<p>u ponedjeljak, 28. sije\u010dnja 2019. u 18 i 30 sati<\/p>\n<p>u na\u0161e prostorije u Zagrebu, Teslina ulica 13\/1 koje \u0107e odr\u017eati<\/p>\n<p>&nbsp;<\/p>\n<p>prof. dr. ISKRA IVELJI\u0106<\/p>\n<p>&nbsp;<\/p>\n<p>pod naslovom<\/p>\n<p>&nbsp;<\/p>\n<p><em>Plemstvo Hrvatske i Slavonije u 19. i 20. stolje\u0107u<\/em><\/p>\n<p>&nbsp;<\/p>\n<p>U predavanju se ukratko prikazuje struktura, te dru\u0161tvena, politi\u010dka i kulturna uloga hrvatsko-slavonskog plemstva od kasnog 18. do 20. stolje\u0107a, kao i njegov odnos prema nacionalnom pitanju i modernizaciji.<\/p>\n<p>U navedenom razdoblju plemstvo su zahvatile velike promjene, zapo\u010dete nakon ukidanja stale\u0161kog dru\u0161tva i feudalizma 1848. godine. Plemstvo potom od kasnog 19. stolje\u0107a sve te\u017ee odr\u017eava korak s usponom moderne gra\u0111anske elite, napose u ekonomskom pogledu. Tranzicija u jugoslavensku dr\u017eavu 1918. godine dovela ga je u izuzetno te\u0161ku situaciju jer je u novoj dr\u017eavi na\u010delno tretirano kao neprijateljski element te je u procesu agrarne reforme od 1919. izgubilo dio svojih zemljoposjeda. Usprkos tome, nemali dio plemstva uspio je do 1945. odr\u017eati barem dio svojih zemljoposjeda nastoje\u0107i njegovati i svoju tipi\u010dnu kulturu svakodnevnog \u017eivota.<\/p>\n<p>&nbsp;<\/p>\n<p>Veselimo se da \u0107emo se poslije predavanja dru\u017eiti i razgovarati<\/p>\n<p>&nbsp;<\/p>\n<\/div>\n<div><a href=\"http:\/\/plemstvo.hr\/Datoteke\/HPZ-poziv-sijecanj-2019-Iveljic.pdf\">http:\/\/plemstvo.hr\/Datoteke\/HPZ-poziv-sijecanj-2019-Iveljic.pdf<\/a><\/div>\n<p>&nbsp;<\/p>\n<p>&nbsp;<\/p>\n<p>Izvor: <a href=\"http:\/\/www.plemstvo.hr\/\">http:\/\/www.plemstvo.hr\/<\/a><\/p>\n<p>&nbsp;<\/p>\n<p>&#8212;<\/p>\n<p>&nbsp;<\/p>\n<p><strong>Branimir Jankovi\u0107<\/strong> odr\u017eao je u petak, 30. studenoga 2018. godine na Filozofskom fakultetu u Zagrebu javno predavanje\u00a0o povjesni\u010darima i stvaranju Jugoslavije 1918. godine, tematici koja je direktno vezana\u00a0uz\u00a0njegovo istra\u017eivanje u sklopu HRZZ projekta.<\/p>\n<p>&nbsp;<\/p>\n<p>U nastavku je pozivnica\u00a0i sa\u017eetak predavanja:<\/p>\n<p>&nbsp;<\/p>\n<p><img loading=\"lazy\" class=\"alignnone size-medium wp-image-209\" src=\"http:\/\/croelite.ffzg.unizg.hr\/wp-content\/uploads\/2018\/12\/stvaranje-Jugoslavije-300x98.jpg\" alt=\"\" width=\"300\" height=\"98\" srcset=\"https:\/\/croelite.ffzg.unizg.hr\/wp-content\/uploads\/2018\/12\/stvaranje-Jugoslavije-300x98.jpg 300w, https:\/\/croelite.ffzg.unizg.hr\/wp-content\/uploads\/2018\/12\/stvaranje-Jugoslavije-768x250.jpg 768w, https:\/\/croelite.ffzg.unizg.hr\/wp-content\/uploads\/2018\/12\/stvaranje-Jugoslavije.jpg 943w\" sizes=\"(max-width: 300px) 100vw, 300px\" \/><\/p>\n<p>&nbsp;<\/p>\n<p><em>Predavanja i rasprava \u201e\u0160to nakon 1. prosinca 1918.? Jugoslavija kao proces\u201c<\/em><\/p>\n<p>&nbsp;<\/p>\n<p>Krajem studenog i po\u010detkom prosinca na razli\u010dite se na\u010dine (ne) obilje\u017eava stota obljetnica stvaranja Jugoslavije. Pritom prevladava isticanje 1918. kao \u201eprijelomne\u201c i \u201esudbonosne\u201c godine, odre\u0111ene krajem Prvog svjetskog rata, raspadom Austro-Ugarske Monarhije i \u2013 u njihovoj sjeni \u2013 stvaranjem jugoslavenske dr\u017eave. Nasuprot tome, dva predavanja razmotrit \u0107e stvaranje Jugoslavije kao dugotrajniji proces iz perspektive dvije profesionalne zajednice koje su bile izravno uklju\u010dene \u2013 na dijelom komplementarne, a dijelom suprotstavljene na\u010dine \u2013 u artikuliranje ideje Jugoslavije i s\u00e2mo stvaranje ju\u017enoslavenske dr\u017eave. Upu\u0107uju\u0107i na povezanost intelektualaca uop\u0107e, a u ovim konkretnim slu\u010dajevima \u010dlanova znanstvene zajednice, s razli\u010ditim politi\u010dkim projektima, dr. sc. Branimir Jankovi\u0107 osvrnut \u0107e se na ulogu povjesni\u010dara, a dr. sc. Vedran Duan\u010di\u0107 na ulogu geografa u procesu stvaranja Jugoslavije u razdoblju prije i nakon 1. prosinca 1918. godine.<\/p>\n<p>&nbsp;<\/p>\n<p>Petak, 30. studenoga 2018., 10h<\/p>\n<p>&nbsp;<\/p>\n<p>Filozofski fakultet Sveu\u010dili\u0161ta u Zagrebu, dvorana A-102<\/p>\n<p>&nbsp;<\/p>\n<p>Program je organiziran u sklopu projekta \u201eTranzicija hrvatskih elita iz Habsbur\u0161ke Monarhije u jugoslavensku dr\u017eavu\u201c kojega financira Hrvatska zaklada za znanost.<\/p>\n<p>&nbsp;<\/p>\n<p>Izvor:<\/p>\n<p><a href=\"http:\/\/www.historiografija.hr\/?p=12499\">http:\/\/www.historiografija.hr\/?p=12499<\/a><\/p>\n<p><a href=\"http:\/\/www.historiografija.hr\/wp-content\/uploads\/2018\/11\/Sto-nakon-1.-prosinca-1918.pdf\">http:\/\/www.historiografija.hr\/wp-content\/uploads\/2018\/11\/Sto-nakon-1.-prosinca-1918.pdf<\/a><\/p>\n<p>&nbsp;<\/p>\n","protected":false},"excerpt":{"rendered":"<p>&nbsp; Iskra Ivelji\u0107 odr\u017eala je u ponedjeljak, 28. sije\u010dnja 2019. godine javno predavanje\u00a0o plemstvu Hrvatske\u00a0i Slavonije u 19.\u00a0i 20. stolje\u0107u koje je izravno\u00a0povezano\u00a0sa\u00a0njezinom istra\u017eiva\u010dkom dionicom na\u00a0projektu o tranziciji hrvatskih elita. &nbsp; U nastavku donosimo pozivnicu\u00a0i opis predavanja: &nbsp; Hrvatski plemi\u0107ki zbor &nbsp; &nbsp; Pozivamo Vas da do\u0111ete na dru\u017eenje i otvoreno predavanje: u ponedjeljak, 28. &hellip; <\/p>\n<p class=\"link-more\"><a href=\"https:\/\/croelite.ffzg.unizg.hr\/?p=199\" class=\"more-link\">Continue reading<span class=\"screen-reader-text\"> &#8220;Javna predavanja \u010dlanova projekta&#8221;<\/span><\/a><\/p>\n","protected":false},"author":2,"featured_media":0,"comment_status":"closed","ping_status":"closed","sticky":false,"template":"","format":"standard","meta":[],"categories":[2],"tags":[],"_links":{"self":[{"href":"https:\/\/croelite.ffzg.unizg.hr\/index.php?rest_route=\/wp\/v2\/posts\/199"}],"collection":[{"href":"https:\/\/croelite.ffzg.unizg.hr\/index.php?rest_route=\/wp\/v2\/posts"}],"about":[{"href":"https:\/\/croelite.ffzg.unizg.hr\/index.php?rest_route=\/wp\/v2\/types\/post"}],"author":[{"embeddable":true,"href":"https:\/\/croelite.ffzg.unizg.hr\/index.php?rest_route=\/wp\/v2\/users\/2"}],"replies":[{"embeddable":true,"href":"https:\/\/croelite.ffzg.unizg.hr\/index.php?rest_route=%2Fwp%2Fv2%2Fcomments&post=199"}],"version-history":[{"count":8,"href":"https:\/\/croelite.ffzg.unizg.hr\/index.php?rest_route=\/wp\/v2\/posts\/199\/revisions"}],"predecessor-version":[{"id":221,"href":"https:\/\/croelite.ffzg.unizg.hr\/index.php?rest_route=\/wp\/v2\/posts\/199\/revisions\/221"}],"wp:attachment":[{"href":"https:\/\/croelite.ffzg.unizg.hr\/index.php?rest_route=%2Fwp%2Fv2%2Fmedia&parent=199"}],"wp:term":[{"taxonomy":"category","embeddable":true,"href":"https:\/\/croelite.ffzg.unizg.hr\/index.php?rest_route=%2Fwp%2Fv2%2Fcategories&post=199"},{"taxonomy":"post_tag","embeddable":true,"href":"https:\/\/croelite.ffzg.unizg.hr\/index.php?rest_route=%2Fwp%2Fv2%2Ftags&post=199"}],"curies":[{"name":"wp","href":"https:\/\/api.w.org\/{rel}","templated":true}]}}